{"id":3374,"date":"2020-07-21T10:47:30","date_gmt":"2020-07-21T08:47:30","guid":{"rendered":"https:\/\/www.fromfroid.com\/?p=3374"},"modified":"2020-07-21T10:47:31","modified_gmt":"2020-07-21T08:47:31","slug":"tratamento-do-ar-e-gestao-do-fluxo-de-ar","status":"publish","type":"post","link":"https:\/\/www.fromfroid.com\/pt-br\/tratamento-do-ar-e-gestao-do-fluxo-de-ar\/","title":{"rendered":"Tratamento do ar e gest\u00e3o do fluxo de ar"},"content":{"rendered":"<p>O tratamento do ar \u00e9 usado em v\u00e1rias \u00e1reas da ind\u00fastria de alimentos (<a href=\"https:\/\/www.fromfroid.com\/pt-br\/setores-de-atividades\/iogurtes-cremes-para-sobremesas-e-queijos-frescos\/\">latic\u00ednios<\/a>, <a href=\"https:\/\/www.fromfroid.com\/pt-br\/setores-de-atividades\/fabrica-de-queijos\/\">queijo<\/a>, frutas e legumes, carne, etc.).[vc_row][vc_column width=&#8221;2\/3&#8243;][vc_column_text css=&#8221;.vc_custom_1595238191189{margin-bottom: 0px !important;}&#8221;]\n<p>Na fabrica\u00e7\u00e3o de queijos, especialmente para os cremosos, o tratamento do ar \u00e9 realizado usando dois tipos de equipamentos: <a href=\"https:\/\/www.fromfroid.com\/pt-br\/conhecimentos\/processo-de-tratamento-de-ar\/ar-condicionado-e-climatisacao-na-industria-de-queijos\/\">condicionadores de ar<\/a>, permitindo que o ar tenha as caracter\u00edsticas certas para o queijo (temperatura, umidade e velocidade) e unidades de tratamento de ar (ou caixas de ar fresco) para gerenciar os fluxos de ar e, assim, evitar a contamina\u00e7\u00e3o.[\/vc_column_text][\/vc_column][vc_column width=&#8221;1\/3&#8243;][vc_images_carousel images=&#8221;1246,1242,1112,1116&#8243; img_size=&#8221;300*200&#8243; autoplay=&#8221;yes&#8221; hide_pagination_control=&#8221;yes&#8221; hide_prev_next_buttons=&#8221;yes&#8221; wrap=&#8221;yes&#8221;][\/vc_column][\/vc_row][vc_row][vc_column width=&#8221;1\/2&#8243;][vc_images_carousel images=&#8221;1132,58,1294,1274,1025&#8243; img_size=&#8221;350*200&#8243; autoplay=&#8221;yes&#8221; hide_pagination_control=&#8221;yes&#8221; wrap=&#8221;yes&#8221;][\/vc_column][vc_column width=&#8221;1\/2&#8243;][vc_column_text css=&#8221;.vc_custom_1595238203507{margin-bottom: 0px !important;}&#8221;]\n<p>A distribui\u00e7\u00e3o do ar atrav\u00e9s desses diferentes equipamentos \u00e9 feita atrav\u00e9s de dutos t\u00eaxteis. Esses dutos devem ser grandes o suficiente para controlar a uniformidade da sala e a velocidade do ar ao redor dos produtos. A vantagem dos dutos t\u00eaxteis \u00e9 que eles podem ser limpos.[\/vc_column_text][\/vc_column][\/vc_row][vc_row][vc_column width=&#8221;2\/3&#8243;][vc_column_text css=&#8221;.vc_custom_1595238214750{margin-bottom: 0px !important;}&#8221;]\n<p>J\u00e1 o <a href=\"https:\/\/www.fromfroid.com\/pt-br\/conhecimentos\/processo-de-tratamento-de-ar\/gerenciamento-de-fluxo-de-ar-e-ultra-limpeza-em-fabricas-de-queijo-2\/\">gerenciamento dos fluxos de ar<\/a> \u00e9 necess\u00e1rio nas f\u00e1bricas de queijos para evitar a contamina\u00e7\u00e3o. Na verdade, no mesmo latic\u00ednio de queijo, existem no ar e nas paredes v\u00e1rios tipos de mofo, necess\u00e1rios ou n\u00e3o ao bom desenvolvimento dos produtos. Portanto, \u00e9 necess\u00e1rio saber como direcionar os fluxos de ar para extrair os elementos contaminantes o mais r\u00e1pido e limpo poss\u00edvel.[\/vc_column_text][\/vc_column][vc_column width=&#8221;1\/3&#8243;][vc_images_carousel images=&#8221;1124,1092,1084,1025&#8243; img_size=&#8221;300*225&#8243;][\/vc_column][\/vc_row][vc_row][vc_column][vc_column_text css=&#8221;.vc_custom_1594979651600{margin-bottom: 0px !important;}&#8221;]N\u00e3o hesite em <a href=\"https:\/\/www.fromfroid.com\/pt-br\/fale-conosco\/\">entrar em contato<\/a> com os especialistas da FROMFROID para obter mais informa\u00e7\u00f5es.[\/vc_column_text][\/vc_column][\/vc_row]\n","protected":false},"excerpt":{"rendered":"<p>O tratamento do ar \u00e9 usado em v\u00e1rias \u00e1reas da ind\u00fastria de alimentos (latic\u00ednios, queijo, frutas e legumes, carne, etc.).[vc_row][vc_column width=&#8221;2\/3&#8243;][vc_column_text css=&#8221;.vc_custom_1595238191189{margin-bottom: 0px !important;}&#8221;] Na fabrica\u00e7\u00e3o de queijos, especialmente para os cremosos, o tratamento do ar \u00e9 realizado usando dois tipos de equipamentos: condicionadores de ar, permitindo que o ar tenha as caracter\u00edsticas certas para [&hellip;]<\/p>\n","protected":false},"author":3,"featured_media":3004,"comment_status":"open","ping_status":"open","sticky":false,"template":"","format":"standard","meta":{"footnotes":""},"categories":[61,60],"tags":[],"class_list":["post-3374","post","type-post","status-publish","format-standard","has-post-thumbnail","hentry","category-ar-condicionado-industrial","category-fabrica-de-queijos"],"yoast_head":"<!-- This site is optimized with the Yoast SEO plugin v27.4 - https:\/\/yoast.com\/product\/yoast-seo-wordpress\/ -->\n<title>Tratamento do ar e gest\u00e3o do fluxo de ar - Fromfroid<\/title>\n<meta name=\"robots\" content=\"index, follow, max-snippet:-1, max-image-preview:large, max-video-preview:-1\" \/>\n<link rel=\"canonical\" href=\"https:\/\/www.fromfroid.com\/pt-br\/tratamento-do-ar-e-gestao-do-fluxo-de-ar\/\" \/>\n<meta property=\"og:locale\" content=\"pt_BR\" \/>\n<meta property=\"og:type\" content=\"article\" \/>\n<meta property=\"og:title\" content=\"Tratamento do ar e gest\u00e3o do fluxo de ar - Fromfroid\" \/>\n<meta property=\"og:description\" content=\"O tratamento do ar \u00e9 usado em v\u00e1rias \u00e1reas da ind\u00fastria de alimentos (latic\u00ednios, queijo, frutas e legumes, carne, etc.).[vc_row][vc_column width=&#8221;2\/3&#8243;][vc_column_text css=&#8221;.vc_custom_1595238191189{margin-bottom: 0px !important;}&#8221;] Na fabrica\u00e7\u00e3o de queijos, especialmente para os cremosos, o tratamento do ar \u00e9 realizado usando dois tipos de equipamentos: condicionadores de ar, permitindo que o ar tenha as caracter\u00edsticas certas para [&hellip;]\" \/>\n<meta property=\"og:url\" content=\"https:\/\/www.fromfroid.com\/pt-br\/tratamento-do-ar-e-gestao-do-fluxo-de-ar\/\" \/>\n<meta property=\"og:site_name\" content=\"Fromfroid\" \/>\n<meta property=\"article:published_time\" content=\"2020-07-21T08:47:30+00:00\" \/>\n<meta property=\"article:modified_time\" content=\"2020-07-21T08:47:31+00:00\" \/>\n<meta property=\"og:image\" content=\"https:\/\/www.fromfroid.com\/wp-content\/uploads\/2019\/07\/img-20160929-wa0001.jpg\" \/>\n\t<meta property=\"og:image:width\" content=\"1600\" \/>\n\t<meta property=\"og:image:height\" content=\"1200\" \/>\n\t<meta property=\"og:image:type\" content=\"image\/jpeg\" \/>\n<meta name=\"author\" content=\"thierry paupardin\" \/>\n<meta name=\"twitter:card\" content=\"summary_large_image\" \/>\n<meta name=\"twitter:label1\" content=\"Escrito por\" \/>\n\t<meta name=\"twitter:data1\" content=\"thierry paupardin\" \/>\n\t<meta name=\"twitter:label2\" content=\"Est. tempo de leitura\" \/>\n\t<meta name=\"twitter:data2\" content=\"2 minutos\" \/>\n<script type=\"application\/ld+json\" class=\"yoast-schema-graph\">{\"@context\":\"https:\\\/\\\/schema.org\",\"@graph\":[{\"@type\":\"Article\",\"@id\":\"https:\\\/\\\/www.fromfroid.com\\\/pt-br\\\/tratamento-do-ar-e-gestao-do-fluxo-de-ar\\\/#article\",\"isPartOf\":{\"@id\":\"https:\\\/\\\/www.fromfroid.com\\\/pt-br\\\/tratamento-do-ar-e-gestao-do-fluxo-de-ar\\\/\"},\"author\":{\"name\":\"thierry paupardin\",\"@id\":\"https:\\\/\\\/www.fromfroid.com\\\/pt-br\\\/#\\\/schema\\\/person\\\/a39d87c485645af954f9ed6423149706\"},\"headline\":\"Tratamento do ar e gest\u00e3o do fluxo de ar\",\"datePublished\":\"2020-07-21T08:47:30+00:00\",\"dateModified\":\"2020-07-21T08:47:31+00:00\",\"mainEntityOfPage\":{\"@id\":\"https:\\\/\\\/www.fromfroid.com\\\/pt-br\\\/tratamento-do-ar-e-gestao-do-fluxo-de-ar\\\/\"},\"wordCount\":368,\"commentCount\":0,\"image\":{\"@id\":\"https:\\\/\\\/www.fromfroid.com\\\/pt-br\\\/tratamento-do-ar-e-gestao-do-fluxo-de-ar\\\/#primaryimage\"},\"thumbnailUrl\":\"https:\\\/\\\/www.fromfroid.com\\\/wp-content\\\/uploads\\\/2019\\\/07\\\/img-20160929-wa0001.jpg\",\"articleSection\":[\"Ar condicionado industrial\",\"F\u00e1brica de queijos\"],\"inLanguage\":\"pt-BR\",\"potentialAction\":[{\"@type\":\"CommentAction\",\"name\":\"Comment\",\"target\":[\"https:\\\/\\\/www.fromfroid.com\\\/pt-br\\\/tratamento-do-ar-e-gestao-do-fluxo-de-ar\\\/#respond\"]}]},{\"@type\":\"WebPage\",\"@id\":\"https:\\\/\\\/www.fromfroid.com\\\/pt-br\\\/tratamento-do-ar-e-gestao-do-fluxo-de-ar\\\/\",\"url\":\"https:\\\/\\\/www.fromfroid.com\\\/pt-br\\\/tratamento-do-ar-e-gestao-do-fluxo-de-ar\\\/\",\"name\":\"Tratamento do ar e gest\u00e3o do fluxo de ar - Fromfroid\",\"isPartOf\":{\"@id\":\"https:\\\/\\\/www.fromfroid.com\\\/pt-br\\\/#website\"},\"primaryImageOfPage\":{\"@id\":\"https:\\\/\\\/www.fromfroid.com\\\/pt-br\\\/tratamento-do-ar-e-gestao-do-fluxo-de-ar\\\/#primaryimage\"},\"image\":{\"@id\":\"https:\\\/\\\/www.fromfroid.com\\\/pt-br\\\/tratamento-do-ar-e-gestao-do-fluxo-de-ar\\\/#primaryimage\"},\"thumbnailUrl\":\"https:\\\/\\\/www.fromfroid.com\\\/wp-content\\\/uploads\\\/2019\\\/07\\\/img-20160929-wa0001.jpg\",\"datePublished\":\"2020-07-21T08:47:30+00:00\",\"dateModified\":\"2020-07-21T08:47:31+00:00\",\"author\":{\"@id\":\"https:\\\/\\\/www.fromfroid.com\\\/pt-br\\\/#\\\/schema\\\/person\\\/a39d87c485645af954f9ed6423149706\"},\"breadcrumb\":{\"@id\":\"https:\\\/\\\/www.fromfroid.com\\\/pt-br\\\/tratamento-do-ar-e-gestao-do-fluxo-de-ar\\\/#breadcrumb\"},\"inLanguage\":\"pt-BR\",\"potentialAction\":[{\"@type\":\"ReadAction\",\"target\":[\"https:\\\/\\\/www.fromfroid.com\\\/pt-br\\\/tratamento-do-ar-e-gestao-do-fluxo-de-ar\\\/\"]}]},{\"@type\":\"ImageObject\",\"inLanguage\":\"pt-BR\",\"@id\":\"https:\\\/\\\/www.fromfroid.com\\\/pt-br\\\/tratamento-do-ar-e-gestao-do-fluxo-de-ar\\\/#primaryimage\",\"url\":\"https:\\\/\\\/www.fromfroid.com\\\/wp-content\\\/uploads\\\/2019\\\/07\\\/img-20160929-wa0001.jpg\",\"contentUrl\":\"https:\\\/\\\/www.fromfroid.com\\\/wp-content\\\/uploads\\\/2019\\\/07\\\/img-20160929-wa0001.jpg\",\"width\":1600,\"height\":1200,\"caption\":\"Tratamento e gest\u00e3o do fluxo de ar\"},{\"@type\":\"BreadcrumbList\",\"@id\":\"https:\\\/\\\/www.fromfroid.com\\\/pt-br\\\/tratamento-do-ar-e-gestao-do-fluxo-de-ar\\\/#breadcrumb\",\"itemListElement\":[{\"@type\":\"ListItem\",\"position\":1,\"name\":\"Home\",\"item\":\"https:\\\/\\\/www.fromfroid.com\\\/pt-br\\\/\"},{\"@type\":\"ListItem\",\"position\":2,\"name\":\"Tratamento do ar e gest\u00e3o do fluxo de ar\"}]},{\"@type\":\"WebSite\",\"@id\":\"https:\\\/\\\/www.fromfroid.com\\\/pt-br\\\/#website\",\"url\":\"https:\\\/\\\/www.fromfroid.com\\\/pt-br\\\/\",\"name\":\"Fromfroid\",\"description\":\"\",\"potentialAction\":[{\"@type\":\"SearchAction\",\"target\":{\"@type\":\"EntryPoint\",\"urlTemplate\":\"https:\\\/\\\/www.fromfroid.com\\\/pt-br\\\/?s={search_term_string}\"},\"query-input\":{\"@type\":\"PropertyValueSpecification\",\"valueRequired\":true,\"valueName\":\"search_term_string\"}}],\"inLanguage\":\"pt-BR\"},{\"@type\":\"Person\",\"@id\":\"https:\\\/\\\/www.fromfroid.com\\\/pt-br\\\/#\\\/schema\\\/person\\\/a39d87c485645af954f9ed6423149706\",\"name\":\"thierry paupardin\",\"image\":{\"@type\":\"ImageObject\",\"inLanguage\":\"pt-BR\",\"@id\":\"https:\\\/\\\/secure.gravatar.com\\\/avatar\\\/8cca487a805eb7af04e0308aadedcf58743f46b1aa4f9e3b1e4bb2e32c432213?s=96&d=mm&r=g\",\"url\":\"https:\\\/\\\/secure.gravatar.com\\\/avatar\\\/8cca487a805eb7af04e0308aadedcf58743f46b1aa4f9e3b1e4bb2e32c432213?s=96&d=mm&r=g\",\"contentUrl\":\"https:\\\/\\\/secure.gravatar.com\\\/avatar\\\/8cca487a805eb7af04e0308aadedcf58743f46b1aa4f9e3b1e4bb2e32c432213?s=96&d=mm&r=g\",\"caption\":\"thierry paupardin\"},\"url\":\"https:\\\/\\\/www.fromfroid.com\\\/pt-br\\\/author\\\/thierry-paupardin\\\/\"}]}<\/script>\n<!-- \/ Yoast SEO plugin. -->","yoast_head_json":{"title":"Tratamento do ar e gest\u00e3o do fluxo de ar - Fromfroid","robots":{"index":"index","follow":"follow","max-snippet":"max-snippet:-1","max-image-preview":"max-image-preview:large","max-video-preview":"max-video-preview:-1"},"canonical":"https:\/\/www.fromfroid.com\/pt-br\/tratamento-do-ar-e-gestao-do-fluxo-de-ar\/","og_locale":"pt_BR","og_type":"article","og_title":"Tratamento do ar e gest\u00e3o do fluxo de ar - Fromfroid","og_description":"O tratamento do ar \u00e9 usado em v\u00e1rias \u00e1reas da ind\u00fastria de alimentos (latic\u00ednios, queijo, frutas e legumes, carne, etc.).[vc_row][vc_column width=&#8221;2\/3&#8243;][vc_column_text css=&#8221;.vc_custom_1595238191189{margin-bottom: 0px !important;}&#8221;] Na fabrica\u00e7\u00e3o de queijos, especialmente para os cremosos, o tratamento do ar \u00e9 realizado usando dois tipos de equipamentos: condicionadores de ar, permitindo que o ar tenha as caracter\u00edsticas certas para [&hellip;]","og_url":"https:\/\/www.fromfroid.com\/pt-br\/tratamento-do-ar-e-gestao-do-fluxo-de-ar\/","og_site_name":"Fromfroid","article_published_time":"2020-07-21T08:47:30+00:00","article_modified_time":"2020-07-21T08:47:31+00:00","og_image":[{"width":1600,"height":1200,"url":"https:\/\/www.fromfroid.com\/wp-content\/uploads\/2019\/07\/img-20160929-wa0001.jpg","type":"image\/jpeg"}],"author":"thierry paupardin","twitter_card":"summary_large_image","twitter_misc":{"Escrito por":"thierry paupardin","Est. tempo de leitura":"2 minutos"},"schema":{"@context":"https:\/\/schema.org","@graph":[{"@type":"Article","@id":"https:\/\/www.fromfroid.com\/pt-br\/tratamento-do-ar-e-gestao-do-fluxo-de-ar\/#article","isPartOf":{"@id":"https:\/\/www.fromfroid.com\/pt-br\/tratamento-do-ar-e-gestao-do-fluxo-de-ar\/"},"author":{"name":"thierry paupardin","@id":"https:\/\/www.fromfroid.com\/pt-br\/#\/schema\/person\/a39d87c485645af954f9ed6423149706"},"headline":"Tratamento do ar e gest\u00e3o do fluxo de ar","datePublished":"2020-07-21T08:47:30+00:00","dateModified":"2020-07-21T08:47:31+00:00","mainEntityOfPage":{"@id":"https:\/\/www.fromfroid.com\/pt-br\/tratamento-do-ar-e-gestao-do-fluxo-de-ar\/"},"wordCount":368,"commentCount":0,"image":{"@id":"https:\/\/www.fromfroid.com\/pt-br\/tratamento-do-ar-e-gestao-do-fluxo-de-ar\/#primaryimage"},"thumbnailUrl":"https:\/\/www.fromfroid.com\/wp-content\/uploads\/2019\/07\/img-20160929-wa0001.jpg","articleSection":["Ar condicionado industrial","F\u00e1brica de queijos"],"inLanguage":"pt-BR","potentialAction":[{"@type":"CommentAction","name":"Comment","target":["https:\/\/www.fromfroid.com\/pt-br\/tratamento-do-ar-e-gestao-do-fluxo-de-ar\/#respond"]}]},{"@type":"WebPage","@id":"https:\/\/www.fromfroid.com\/pt-br\/tratamento-do-ar-e-gestao-do-fluxo-de-ar\/","url":"https:\/\/www.fromfroid.com\/pt-br\/tratamento-do-ar-e-gestao-do-fluxo-de-ar\/","name":"Tratamento do ar e gest\u00e3o do fluxo de ar - Fromfroid","isPartOf":{"@id":"https:\/\/www.fromfroid.com\/pt-br\/#website"},"primaryImageOfPage":{"@id":"https:\/\/www.fromfroid.com\/pt-br\/tratamento-do-ar-e-gestao-do-fluxo-de-ar\/#primaryimage"},"image":{"@id":"https:\/\/www.fromfroid.com\/pt-br\/tratamento-do-ar-e-gestao-do-fluxo-de-ar\/#primaryimage"},"thumbnailUrl":"https:\/\/www.fromfroid.com\/wp-content\/uploads\/2019\/07\/img-20160929-wa0001.jpg","datePublished":"2020-07-21T08:47:30+00:00","dateModified":"2020-07-21T08:47:31+00:00","author":{"@id":"https:\/\/www.fromfroid.com\/pt-br\/#\/schema\/person\/a39d87c485645af954f9ed6423149706"},"breadcrumb":{"@id":"https:\/\/www.fromfroid.com\/pt-br\/tratamento-do-ar-e-gestao-do-fluxo-de-ar\/#breadcrumb"},"inLanguage":"pt-BR","potentialAction":[{"@type":"ReadAction","target":["https:\/\/www.fromfroid.com\/pt-br\/tratamento-do-ar-e-gestao-do-fluxo-de-ar\/"]}]},{"@type":"ImageObject","inLanguage":"pt-BR","@id":"https:\/\/www.fromfroid.com\/pt-br\/tratamento-do-ar-e-gestao-do-fluxo-de-ar\/#primaryimage","url":"https:\/\/www.fromfroid.com\/wp-content\/uploads\/2019\/07\/img-20160929-wa0001.jpg","contentUrl":"https:\/\/www.fromfroid.com\/wp-content\/uploads\/2019\/07\/img-20160929-wa0001.jpg","width":1600,"height":1200,"caption":"Tratamento e gest\u00e3o do fluxo de ar"},{"@type":"BreadcrumbList","@id":"https:\/\/www.fromfroid.com\/pt-br\/tratamento-do-ar-e-gestao-do-fluxo-de-ar\/#breadcrumb","itemListElement":[{"@type":"ListItem","position":1,"name":"Home","item":"https:\/\/www.fromfroid.com\/pt-br\/"},{"@type":"ListItem","position":2,"name":"Tratamento do ar e gest\u00e3o do fluxo de ar"}]},{"@type":"WebSite","@id":"https:\/\/www.fromfroid.com\/pt-br\/#website","url":"https:\/\/www.fromfroid.com\/pt-br\/","name":"Fromfroid","description":"","potentialAction":[{"@type":"SearchAction","target":{"@type":"EntryPoint","urlTemplate":"https:\/\/www.fromfroid.com\/pt-br\/?s={search_term_string}"},"query-input":{"@type":"PropertyValueSpecification","valueRequired":true,"valueName":"search_term_string"}}],"inLanguage":"pt-BR"},{"@type":"Person","@id":"https:\/\/www.fromfroid.com\/pt-br\/#\/schema\/person\/a39d87c485645af954f9ed6423149706","name":"thierry paupardin","image":{"@type":"ImageObject","inLanguage":"pt-BR","@id":"https:\/\/secure.gravatar.com\/avatar\/8cca487a805eb7af04e0308aadedcf58743f46b1aa4f9e3b1e4bb2e32c432213?s=96&d=mm&r=g","url":"https:\/\/secure.gravatar.com\/avatar\/8cca487a805eb7af04e0308aadedcf58743f46b1aa4f9e3b1e4bb2e32c432213?s=96&d=mm&r=g","contentUrl":"https:\/\/secure.gravatar.com\/avatar\/8cca487a805eb7af04e0308aadedcf58743f46b1aa4f9e3b1e4bb2e32c432213?s=96&d=mm&r=g","caption":"thierry paupardin"},"url":"https:\/\/www.fromfroid.com\/pt-br\/author\/thierry-paupardin\/"}]}},"_links":{"self":[{"href":"https:\/\/www.fromfroid.com\/pt-br\/wp-json\/wp\/v2\/posts\/3374","targetHints":{"allow":["GET"]}}],"collection":[{"href":"https:\/\/www.fromfroid.com\/pt-br\/wp-json\/wp\/v2\/posts"}],"about":[{"href":"https:\/\/www.fromfroid.com\/pt-br\/wp-json\/wp\/v2\/types\/post"}],"author":[{"embeddable":true,"href":"https:\/\/www.fromfroid.com\/pt-br\/wp-json\/wp\/v2\/users\/3"}],"replies":[{"embeddable":true,"href":"https:\/\/www.fromfroid.com\/pt-br\/wp-json\/wp\/v2\/comments?post=3374"}],"version-history":[{"count":4,"href":"https:\/\/www.fromfroid.com\/pt-br\/wp-json\/wp\/v2\/posts\/3374\/revisions"}],"predecessor-version":[{"id":3392,"href":"https:\/\/www.fromfroid.com\/pt-br\/wp-json\/wp\/v2\/posts\/3374\/revisions\/3392"}],"wp:featuredmedia":[{"embeddable":true,"href":"https:\/\/www.fromfroid.com\/pt-br\/wp-json\/wp\/v2\/media\/3004"}],"wp:attachment":[{"href":"https:\/\/www.fromfroid.com\/pt-br\/wp-json\/wp\/v2\/media?parent=3374"}],"wp:term":[{"taxonomy":"category","embeddable":true,"href":"https:\/\/www.fromfroid.com\/pt-br\/wp-json\/wp\/v2\/categories?post=3374"},{"taxonomy":"post_tag","embeddable":true,"href":"https:\/\/www.fromfroid.com\/pt-br\/wp-json\/wp\/v2\/tags?post=3374"}],"curies":[{"name":"wp","href":"https:\/\/api.w.org\/{rel}","templated":true}]}}